{"id":29635,"date":"2018-11-23T09:10:16","date_gmt":"2018-11-23T08:10:16","guid":{"rendered":"https:\/\/staging.atlasbalans.com\/upptackten-av-en-ny-cell-vid-2018-ars-fascia-research-congress-i-berlin\/"},"modified":"2025-10-28T10:08:39","modified_gmt":"2025-10-28T09:08:39","slug":"upptackten-av-en-ny-cell-vid-2018-ars-fascia-research-congress-i-berlin","status":"publish","type":"post","link":"https:\/\/fasciainnovation.com\/sv\/upptackten-av-en-ny-cell-vid-2018-ars-fascia-research-congress-i-berlin\/","title":{"rendered":"Uppt\u00e4ckten av en ny cell vid 2018 \u00e5rs Fascia Research Congress i Berlin"},"content":{"rendered":"<h2>Atlasbalans rapporterar fr\u00e5n 2018 \u00e5rs Fascia Research Congress i Berlin<\/h2>\n<ul>\n<li>Det p\u00e5g\u00e5r en global revolution inom det anatomiska forskningsomr\u00e5det som p\u00e5 ett genomgripande s\u00e4tt f\u00f6r\u00e4ndrar v\u00e5rt s\u00e4tt att se p\u00e5 m\u00e4nniskokroppen.<\/li>\n<li>Vad beror det p\u00e5? Fascia, ett n\u00e4tverk av bindv\u00e4v som \u00e4r lindat runt varje del av kroppen. <\/li>\n<li>Fascia, som fram till nyligen ans\u00e5gs vara oviktig, \u00e4r sedan 2017 erk\u00e4nt som kroppens st\u00f6rsta organ, och kanske det viktigaste.<\/li>\n<li>Fasciaforskningen har gett upphov till en l\u00f6peld av nya insikter som utmanar den konventionella uppfattningen om hur kroppen fungerar &#8211; och de senaste insikterna presenteras p\u00e5 2018 Fascia Research Congress i Berlin.<\/li>\n<\/ul>\n<p>L\u00e4s mer i The Fascia Guide<\/p>\n<h3>L\u00e4s mer fr\u00e5n Atlasbalans<\/h3>\n","protected":false},"excerpt":{"rendered":"<p>Fasciaforskningen har gett upphov till en l\u00f6peld av nya insikter som utmanar den konventionella uppfattningen om hur kroppen fungerar &#8211; och de senaste insikterna presenteras p\u00e5 2018 Fascia Research Congress i Berlin.<\/p>\n","protected":false},"author":1,"featured_media":29694,"comment_status":"closed","ping_status":"closed","sticky":false,"template":"","format":"standard","meta":{"footnotes":""},"categories":[306],"tags":[],"class_list":["post-29635","post","type-post","status-publish","format-standard","has-post-thumbnail","hentry","category-nyheter-artiklarpress","category-306","description-off"],"yoast_head":"<!-- This site is optimized with the Yoast SEO plugin v26.8 - https:\/\/yoast.com\/product\/yoast-seo-wordpress\/ -->\n<title>Uppt\u00e4ckten av en ny cell vid 2018 \u00e5rs Fascia Research Congress i Berlin - Innovation<\/title>\n<meta name=\"description\" content=\"Fasciaforskningen har gett upphov till en l\u00f6peld av nya insikter som utmanar den konventionella uppfattningen om hur kroppen fungerar - och de senaste insikterna presenteras p\u00e5 2018 Fascia Research Congress i Berlin.\" \/>\n<meta name=\"robots\" content=\"index, follow, max-snippet:-1, max-image-preview:large, max-video-preview:-1\" \/>\n<link rel=\"canonical\" href=\"https:\/\/fasciainnovation.com\/sv\/upptackten-av-en-ny-cell-vid-2018-ars-fascia-research-congress-i-berlin\/\" \/>\n<meta property=\"og:locale\" content=\"sv_SE\" \/>\n<meta property=\"og:type\" content=\"article\" \/>\n<meta property=\"og:title\" content=\"Uppt\u00e4ckten av en ny cell vid 2018 \u00e5rs Fascia Research Congress i Berlin - Innovation\" \/>\n<meta property=\"og:description\" content=\"Fasciaforskningen har gett upphov till en l\u00f6peld av nya insikter som utmanar den konventionella uppfattningen om hur kroppen fungerar - och de senaste insikterna presenteras p\u00e5 2018 Fascia Research Congress i Berlin.\" \/>\n<meta property=\"og:url\" content=\"https:\/\/fasciainnovation.com\/sv\/upptackten-av-en-ny-cell-vid-2018-ars-fascia-research-congress-i-berlin\/\" \/>\n<meta property=\"og:site_name\" content=\"Innovation\" \/>\n<meta property=\"article:published_time\" content=\"2018-11-23T08:10:16+00:00\" \/>\n<meta property=\"article:modified_time\" content=\"2025-10-28T09:08:39+00:00\" \/>\n<meta property=\"og:image\" content=\"https:\/\/innovation.atlasbalans.com\/wp-content\/uploads\/2025\/08\/042-atlasbalans-square-fascia-research-congress-2018.jpg\" \/>\n\t<meta property=\"og:image:width\" content=\"1080\" \/>\n\t<meta property=\"og:image:height\" content=\"1080\" \/>\n\t<meta property=\"og:image:type\" content=\"image\/jpeg\" \/>\n<meta name=\"author\" content=\"admin\" \/>\n<meta name=\"twitter:card\" content=\"summary_large_image\" \/>\n<meta name=\"twitter:label1\" content=\"Skriven av\" \/>\n\t<meta name=\"twitter:data1\" content=\"admin\" \/>\n\t<meta name=\"twitter:label2\" content=\"Ber\u00e4knad l\u00e4stid\" \/>\n\t<meta name=\"twitter:data2\" content=\"1 minut\" \/>\n<script type=\"application\/ld+json\" class=\"yoast-schema-graph\">{\"@context\":\"https:\/\/schema.org\",\"@graph\":[{\"@type\":\"Article\",\"@id\":\"https:\/\/fasciainnovation.com\/sv\/upptackten-av-en-ny-cell-vid-2018-ars-fascia-research-congress-i-berlin\/#article\",\"isPartOf\":{\"@id\":\"https:\/\/fasciainnovation.com\/sv\/upptackten-av-en-ny-cell-vid-2018-ars-fascia-research-congress-i-berlin\/\"},\"author\":{\"name\":\"admin\",\"@id\":\"https:\/\/fasciainnovation.com\/sv\/#\/schema\/person\/6869e573ae29650211688d6165f9ee0e\"},\"headline\":\"Uppt\u00e4ckten av en ny cell vid 2018 \u00e5rs Fascia Research Congress i Berlin\",\"datePublished\":\"2018-11-23T08:10:16+00:00\",\"dateModified\":\"2025-10-28T09:08:39+00:00\",\"mainEntityOfPage\":{\"@id\":\"https:\/\/fasciainnovation.com\/sv\/upptackten-av-en-ny-cell-vid-2018-ars-fascia-research-congress-i-berlin\/\"},\"wordCount\":139,\"publisher\":{\"@id\":\"https:\/\/fasciainnovation.com\/sv\/#organization\"},\"image\":{\"@id\":\"https:\/\/fasciainnovation.com\/sv\/upptackten-av-en-ny-cell-vid-2018-ars-fascia-research-congress-i-berlin\/#primaryimage\"},\"thumbnailUrl\":\"https:\/\/fasciainnovation.com\/wp-content\/uploads\/2025\/08\/042-atlasbalans-square-fascia-research-congress-2018.jpg\",\"articleSection\":[\"Nyheter &amp; artiklar|Press\"],\"inLanguage\":\"sv-SE\"},{\"@type\":\"WebPage\",\"@id\":\"https:\/\/fasciainnovation.com\/sv\/upptackten-av-en-ny-cell-vid-2018-ars-fascia-research-congress-i-berlin\/\",\"url\":\"https:\/\/fasciainnovation.com\/sv\/upptackten-av-en-ny-cell-vid-2018-ars-fascia-research-congress-i-berlin\/\",\"name\":\"Uppt\u00e4ckten av en ny cell vid 2018 \u00e5rs Fascia Research Congress i Berlin - Innovation\",\"isPartOf\":{\"@id\":\"https:\/\/fasciainnovation.com\/sv\/#website\"},\"primaryImageOfPage\":{\"@id\":\"https:\/\/fasciainnovation.com\/sv\/upptackten-av-en-ny-cell-vid-2018-ars-fascia-research-congress-i-berlin\/#primaryimage\"},\"image\":{\"@id\":\"https:\/\/fasciainnovation.com\/sv\/upptackten-av-en-ny-cell-vid-2018-ars-fascia-research-congress-i-berlin\/#primaryimage\"},\"thumbnailUrl\":\"https:\/\/fasciainnovation.com\/wp-content\/uploads\/2025\/08\/042-atlasbalans-square-fascia-research-congress-2018.jpg\",\"datePublished\":\"2018-11-23T08:10:16+00:00\",\"dateModified\":\"2025-10-28T09:08:39+00:00\",\"description\":\"Fasciaforskningen har gett upphov till en l\u00f6peld av nya insikter som utmanar den konventionella uppfattningen om hur kroppen fungerar - och de senaste insikterna presenteras p\u00e5 2018 Fascia Research Congress i Berlin.\",\"breadcrumb\":{\"@id\":\"https:\/\/fasciainnovation.com\/sv\/upptackten-av-en-ny-cell-vid-2018-ars-fascia-research-congress-i-berlin\/#breadcrumb\"},\"inLanguage\":\"sv-SE\",\"potentialAction\":[{\"@type\":\"ReadAction\",\"target\":[\"https:\/\/fasciainnovation.com\/sv\/upptackten-av-en-ny-cell-vid-2018-ars-fascia-research-congress-i-berlin\/\"]}]},{\"@type\":\"ImageObject\",\"inLanguage\":\"sv-SE\",\"@id\":\"https:\/\/fasciainnovation.com\/sv\/upptackten-av-en-ny-cell-vid-2018-ars-fascia-research-congress-i-berlin\/#primaryimage\",\"url\":\"https:\/\/fasciainnovation.com\/wp-content\/uploads\/2025\/08\/042-atlasbalans-square-fascia-research-congress-2018.jpg\",\"contentUrl\":\"https:\/\/fasciainnovation.com\/wp-content\/uploads\/2025\/08\/042-atlasbalans-square-fascia-research-congress-2018.jpg\",\"width\":1080,\"height\":1080},{\"@type\":\"BreadcrumbList\",\"@id\":\"https:\/\/fasciainnovation.com\/sv\/upptackten-av-en-ny-cell-vid-2018-ars-fascia-research-congress-i-berlin\/#breadcrumb\",\"itemListElement\":[{\"@type\":\"ListItem\",\"position\":1,\"name\":\"Home\",\"item\":\"https:\/\/innovation.atlasbalans.com\/sv\/\"},{\"@type\":\"ListItem\",\"position\":2,\"name\":\"Uppt\u00e4ckten av en ny cell vid 2018 \u00e5rs Fascia Research Congress i Berlin\"}]},{\"@type\":\"WebSite\",\"@id\":\"https:\/\/fasciainnovation.com\/sv\/#website\",\"url\":\"https:\/\/fasciainnovation.com\/sv\/\",\"name\":\"Fasciainnovation\",\"description\":\"Redefining Wellness Through Fascia Science\",\"publisher\":{\"@id\":\"https:\/\/fasciainnovation.com\/sv\/#organization\"},\"potentialAction\":[{\"@type\":\"SearchAction\",\"target\":{\"@type\":\"EntryPoint\",\"urlTemplate\":\"https:\/\/fasciainnovation.com\/sv\/?s={search_term_string}\"},\"query-input\":{\"@type\":\"PropertyValueSpecification\",\"valueRequired\":true,\"valueName\":\"search_term_string\"}}],\"inLanguage\":\"sv-SE\"},{\"@type\":\"Organization\",\"@id\":\"https:\/\/fasciainnovation.com\/sv\/#organization\",\"name\":\"Fasciainnovation\",\"url\":\"https:\/\/fasciainnovation.com\/sv\/\",\"logo\":{\"@type\":\"ImageObject\",\"inLanguage\":\"sv-SE\",\"@id\":\"https:\/\/fasciainnovation.com\/sv\/#\/schema\/logo\/image\/\",\"url\":\"https:\/\/fasciainnovation.com\/wp-content\/uploads\/2025\/10\/atlasbalans-color-logo.png\",\"contentUrl\":\"https:\/\/fasciainnovation.com\/wp-content\/uploads\/2025\/10\/atlasbalans-color-logo.png\",\"width\":568,\"height\":190,\"caption\":\"Fasciainnovation\"},\"image\":{\"@id\":\"https:\/\/fasciainnovation.com\/sv\/#\/schema\/logo\/image\/\"},\"sameAs\":[\"https:\/\/www.instagram.com\/atlasbalans\/\",\"https:\/\/www.youtube.com\/@atlasbalans\"]},{\"@type\":\"Person\",\"@id\":\"https:\/\/fasciainnovation.com\/sv\/#\/schema\/person\/6869e573ae29650211688d6165f9ee0e\",\"name\":\"admin\",\"image\":{\"@type\":\"ImageObject\",\"inLanguage\":\"sv-SE\",\"@id\":\"https:\/\/fasciainnovation.com\/sv\/#\/schema\/person\/image\/\",\"url\":\"https:\/\/secure.gravatar.com\/avatar\/82a646bbdd79f852ae28ed3acfe23bc972d0e3f4c18697717b4b558c0064d562?s=96&d=mm&r=g\",\"contentUrl\":\"https:\/\/secure.gravatar.com\/avatar\/82a646bbdd79f852ae28ed3acfe23bc972d0e3f4c18697717b4b558c0064d562?s=96&d=mm&r=g\",\"caption\":\"admin\"},\"sameAs\":[\"https:\/\/innovation.atlasbalans.com\"]}]}<\/script>\n<!-- \/ Yoast SEO plugin. -->","yoast_head_json":{"title":"Uppt\u00e4ckten av en ny cell vid 2018 \u00e5rs Fascia Research Congress i Berlin - Innovation","description":"Fasciaforskningen har gett upphov till en l\u00f6peld av nya insikter som utmanar den konventionella uppfattningen om hur kroppen fungerar - och de senaste insikterna presenteras p\u00e5 2018 Fascia Research Congress i Berlin.","robots":{"index":"index","follow":"follow","max-snippet":"max-snippet:-1","max-image-preview":"max-image-preview:large","max-video-preview":"max-video-preview:-1"},"canonical":"https:\/\/fasciainnovation.com\/sv\/upptackten-av-en-ny-cell-vid-2018-ars-fascia-research-congress-i-berlin\/","og_locale":"sv_SE","og_type":"article","og_title":"Uppt\u00e4ckten av en ny cell vid 2018 \u00e5rs Fascia Research Congress i Berlin - Innovation","og_description":"Fasciaforskningen har gett upphov till en l\u00f6peld av nya insikter som utmanar den konventionella uppfattningen om hur kroppen fungerar - och de senaste insikterna presenteras p\u00e5 2018 Fascia Research Congress i Berlin.","og_url":"https:\/\/fasciainnovation.com\/sv\/upptackten-av-en-ny-cell-vid-2018-ars-fascia-research-congress-i-berlin\/","og_site_name":"Innovation","article_published_time":"2018-11-23T08:10:16+00:00","article_modified_time":"2025-10-28T09:08:39+00:00","og_image":[{"width":1080,"height":1080,"url":"https:\/\/innovation.atlasbalans.com\/wp-content\/uploads\/2025\/08\/042-atlasbalans-square-fascia-research-congress-2018.jpg","type":"image\/jpeg"}],"author":"admin","twitter_card":"summary_large_image","twitter_misc":{"Skriven av":"admin","Ber\u00e4knad l\u00e4stid":"1 minut"},"schema":{"@context":"https:\/\/schema.org","@graph":[{"@type":"Article","@id":"https:\/\/fasciainnovation.com\/sv\/upptackten-av-en-ny-cell-vid-2018-ars-fascia-research-congress-i-berlin\/#article","isPartOf":{"@id":"https:\/\/fasciainnovation.com\/sv\/upptackten-av-en-ny-cell-vid-2018-ars-fascia-research-congress-i-berlin\/"},"author":{"name":"admin","@id":"https:\/\/fasciainnovation.com\/sv\/#\/schema\/person\/6869e573ae29650211688d6165f9ee0e"},"headline":"Uppt\u00e4ckten av en ny cell vid 2018 \u00e5rs Fascia Research Congress i Berlin","datePublished":"2018-11-23T08:10:16+00:00","dateModified":"2025-10-28T09:08:39+00:00","mainEntityOfPage":{"@id":"https:\/\/fasciainnovation.com\/sv\/upptackten-av-en-ny-cell-vid-2018-ars-fascia-research-congress-i-berlin\/"},"wordCount":139,"publisher":{"@id":"https:\/\/fasciainnovation.com\/sv\/#organization"},"image":{"@id":"https:\/\/fasciainnovation.com\/sv\/upptackten-av-en-ny-cell-vid-2018-ars-fascia-research-congress-i-berlin\/#primaryimage"},"thumbnailUrl":"https:\/\/fasciainnovation.com\/wp-content\/uploads\/2025\/08\/042-atlasbalans-square-fascia-research-congress-2018.jpg","articleSection":["Nyheter &amp; artiklar|Press"],"inLanguage":"sv-SE"},{"@type":"WebPage","@id":"https:\/\/fasciainnovation.com\/sv\/upptackten-av-en-ny-cell-vid-2018-ars-fascia-research-congress-i-berlin\/","url":"https:\/\/fasciainnovation.com\/sv\/upptackten-av-en-ny-cell-vid-2018-ars-fascia-research-congress-i-berlin\/","name":"Uppt\u00e4ckten av en ny cell vid 2018 \u00e5rs Fascia Research Congress i Berlin - Innovation","isPartOf":{"@id":"https:\/\/fasciainnovation.com\/sv\/#website"},"primaryImageOfPage":{"@id":"https:\/\/fasciainnovation.com\/sv\/upptackten-av-en-ny-cell-vid-2018-ars-fascia-research-congress-i-berlin\/#primaryimage"},"image":{"@id":"https:\/\/fasciainnovation.com\/sv\/upptackten-av-en-ny-cell-vid-2018-ars-fascia-research-congress-i-berlin\/#primaryimage"},"thumbnailUrl":"https:\/\/fasciainnovation.com\/wp-content\/uploads\/2025\/08\/042-atlasbalans-square-fascia-research-congress-2018.jpg","datePublished":"2018-11-23T08:10:16+00:00","dateModified":"2025-10-28T09:08:39+00:00","description":"Fasciaforskningen har gett upphov till en l\u00f6peld av nya insikter som utmanar den konventionella uppfattningen om hur kroppen fungerar - och de senaste insikterna presenteras p\u00e5 2018 Fascia Research Congress i Berlin.","breadcrumb":{"@id":"https:\/\/fasciainnovation.com\/sv\/upptackten-av-en-ny-cell-vid-2018-ars-fascia-research-congress-i-berlin\/#breadcrumb"},"inLanguage":"sv-SE","potentialAction":[{"@type":"ReadAction","target":["https:\/\/fasciainnovation.com\/sv\/upptackten-av-en-ny-cell-vid-2018-ars-fascia-research-congress-i-berlin\/"]}]},{"@type":"ImageObject","inLanguage":"sv-SE","@id":"https:\/\/fasciainnovation.com\/sv\/upptackten-av-en-ny-cell-vid-2018-ars-fascia-research-congress-i-berlin\/#primaryimage","url":"https:\/\/fasciainnovation.com\/wp-content\/uploads\/2025\/08\/042-atlasbalans-square-fascia-research-congress-2018.jpg","contentUrl":"https:\/\/fasciainnovation.com\/wp-content\/uploads\/2025\/08\/042-atlasbalans-square-fascia-research-congress-2018.jpg","width":1080,"height":1080},{"@type":"BreadcrumbList","@id":"https:\/\/fasciainnovation.com\/sv\/upptackten-av-en-ny-cell-vid-2018-ars-fascia-research-congress-i-berlin\/#breadcrumb","itemListElement":[{"@type":"ListItem","position":1,"name":"Home","item":"https:\/\/innovation.atlasbalans.com\/sv\/"},{"@type":"ListItem","position":2,"name":"Uppt\u00e4ckten av en ny cell vid 2018 \u00e5rs Fascia Research Congress i Berlin"}]},{"@type":"WebSite","@id":"https:\/\/fasciainnovation.com\/sv\/#website","url":"https:\/\/fasciainnovation.com\/sv\/","name":"Fasciainnovation","description":"Redefining Wellness Through Fascia Science","publisher":{"@id":"https:\/\/fasciainnovation.com\/sv\/#organization"},"potentialAction":[{"@type":"SearchAction","target":{"@type":"EntryPoint","urlTemplate":"https:\/\/fasciainnovation.com\/sv\/?s={search_term_string}"},"query-input":{"@type":"PropertyValueSpecification","valueRequired":true,"valueName":"search_term_string"}}],"inLanguage":"sv-SE"},{"@type":"Organization","@id":"https:\/\/fasciainnovation.com\/sv\/#organization","name":"Fasciainnovation","url":"https:\/\/fasciainnovation.com\/sv\/","logo":{"@type":"ImageObject","inLanguage":"sv-SE","@id":"https:\/\/fasciainnovation.com\/sv\/#\/schema\/logo\/image\/","url":"https:\/\/fasciainnovation.com\/wp-content\/uploads\/2025\/10\/atlasbalans-color-logo.png","contentUrl":"https:\/\/fasciainnovation.com\/wp-content\/uploads\/2025\/10\/atlasbalans-color-logo.png","width":568,"height":190,"caption":"Fasciainnovation"},"image":{"@id":"https:\/\/fasciainnovation.com\/sv\/#\/schema\/logo\/image\/"},"sameAs":["https:\/\/www.instagram.com\/atlasbalans\/","https:\/\/www.youtube.com\/@atlasbalans"]},{"@type":"Person","@id":"https:\/\/fasciainnovation.com\/sv\/#\/schema\/person\/6869e573ae29650211688d6165f9ee0e","name":"admin","image":{"@type":"ImageObject","inLanguage":"sv-SE","@id":"https:\/\/fasciainnovation.com\/sv\/#\/schema\/person\/image\/","url":"https:\/\/secure.gravatar.com\/avatar\/82a646bbdd79f852ae28ed3acfe23bc972d0e3f4c18697717b4b558c0064d562?s=96&d=mm&r=g","contentUrl":"https:\/\/secure.gravatar.com\/avatar\/82a646bbdd79f852ae28ed3acfe23bc972d0e3f4c18697717b4b558c0064d562?s=96&d=mm&r=g","caption":"admin"},"sameAs":["https:\/\/innovation.atlasbalans.com"]}]}},"_links":{"self":[{"href":"https:\/\/fasciainnovation.com\/sv\/wp-json\/wp\/v2\/posts\/29635","targetHints":{"allow":["GET"]}}],"collection":[{"href":"https:\/\/fasciainnovation.com\/sv\/wp-json\/wp\/v2\/posts"}],"about":[{"href":"https:\/\/fasciainnovation.com\/sv\/wp-json\/wp\/v2\/types\/post"}],"author":[{"embeddable":true,"href":"https:\/\/fasciainnovation.com\/sv\/wp-json\/wp\/v2\/users\/1"}],"replies":[{"embeddable":true,"href":"https:\/\/fasciainnovation.com\/sv\/wp-json\/wp\/v2\/comments?post=29635"}],"version-history":[{"count":0,"href":"https:\/\/fasciainnovation.com\/sv\/wp-json\/wp\/v2\/posts\/29635\/revisions"}],"wp:featuredmedia":[{"embeddable":true,"href":"https:\/\/fasciainnovation.com\/sv\/wp-json\/wp\/v2\/media\/29694"}],"wp:attachment":[{"href":"https:\/\/fasciainnovation.com\/sv\/wp-json\/wp\/v2\/media?parent=29635"}],"wp:term":[{"taxonomy":"category","embeddable":true,"href":"https:\/\/fasciainnovation.com\/sv\/wp-json\/wp\/v2\/categories?post=29635"},{"taxonomy":"post_tag","embeddable":true,"href":"https:\/\/fasciainnovation.com\/sv\/wp-json\/wp\/v2\/tags?post=29635"}],"curies":[{"name":"wp","href":"https:\/\/api.w.org\/{rel}","templated":true}]}}