{"id":29638,"date":"2017-05-17T15:30:59","date_gmt":"2017-05-17T13:30:59","guid":{"rendered":"https:\/\/staging.atlasbalans.com\/inflammation-i-fascia-orsakar-landryggssmarta\/"},"modified":"2025-10-28T10:09:14","modified_gmt":"2025-10-28T09:09:14","slug":"inflammation-i-fascia-orsakar-landryggssmarta","status":"publish","type":"post","link":"https:\/\/fasciainnovation.com\/sv\/inflammation-i-fascia-orsakar-landryggssmarta\/","title":{"rendered":"Inflammation i fascia orsakar l\u00e4ndryggssm\u00e4rta"},"content":{"rendered":"<h4>Ny forskning f\u00f6rklarar orsakerna till l\u00e4ndryggssm\u00e4rta<\/h4>\n<p><strong>Ett seminarium om l\u00e4ndryggssm\u00e4rta, ny forskning, fascia och inflammation med Dr. Heike J\u00e4ger fr\u00e5n Fascia Research Center i Ulm, Tyskland, professor Karl E Arfors, hedersdoktor vid Uppsala universitet, Sverige, och Hans Bohlin, innovat\u00f6r och fascia-expert<\/strong><\/p>\n<ul>\n<li>Varf\u00f6r f\u00e5r vi ont i l\u00e4ndryggen? Sedan 2012 har innovat\u00f6ren Hans Bohlin och professor Karl E Arfors s\u00f6kt efter svar. <\/li>\n<li>\u00c4ven om de hittade s\u00e4tt att ta bort ryggsm\u00e4rta genom fasciabehandling &#8211; ville de veta hur och varf\u00f6r. Vad h\u00e4nder i kroppen, vad \u00e4r orsakerna till l\u00e4ndryggssm\u00e4rta? <\/li>\n<li>Efter att ha l\u00e4st hundratals forskningsrapporter, fr\u00e4mst om inflammation och Fascia, kom de i kontakt med den tyska neurofysiologen och Fascia-forskaren Dr. Heike J\u00e4ger.<\/li>\n<li>Resultatet av samarbetet presenterades i Stockholm i maj 2017.<\/li>\n<\/ul>\n<p>L\u00e4s mer om seminariet p\u00e5 The Fascia Guide<\/p>\n<h4>En ber\u00e4ttelse om seminariet, ny forskning och nya s\u00e4tt att behandla l\u00e4ndryggssm\u00e4rta<\/h4>\n<h4>Vill du l\u00e4ra dig mer om Fascia?<\/h4>\n<p>Visste du att Atlasbalans ocks\u00e5 driver v\u00e4rldens st\u00f6rsta sajt om Fascia och Fasciaforskning?<\/p>\n<p>Syftet med <a href=\"http:\/\/thefasciaguide.com\/\">thefasciaguide.com<\/a> \u00e4r att ge m\u00e4nniskor kunskap om kroppen p\u00e5 ett enkelt s\u00e4tt.The Fascia Guide<\/p>\n<h3>L\u00e4s mer om Swedish Fascia Vibes av Atlasbalans<\/h3>\n","protected":false},"excerpt":{"rendered":"<p>Seminarium om ryggv\u00e4rk, ny forskning, bindv\u00e4v och inflammation med Dr. Heike J\u00e4ger fr\u00e5n Fascia Research Center i Ulm, Tyskland, Professor Karl E Arfors, hedersdoktor vid Uppsala Universitet och Hans Bohlin, innovat\u00f6r och fascia-expert<\/p>\n","protected":false},"author":1,"featured_media":29704,"comment_status":"closed","ping_status":"closed","sticky":false,"template":"","format":"standard","meta":{"footnotes":""},"categories":[308],"tags":[],"class_list":["post-29638","post","type-post","status-publish","format-standard","has-post-thumbnail","hentry","category-begreppnyheter-artiklarpress","category-308","description-off"],"yoast_head":"<!-- This site is optimized with the Yoast SEO plugin v26.8 - https:\/\/yoast.com\/product\/yoast-seo-wordpress\/ -->\n<title>Inflammation i fascia orsakar l\u00e4ndryggssm\u00e4rta - Innovation<\/title>\n<meta name=\"description\" content=\"Seminarium om ryggv\u00e4rk, ny forskning, bindv\u00e4v och inflammation med Dr. Heike J\u00e4ger fr\u00e5n Fascia Research Center i Ulm, Tyskland, Professor Karl E Arfors, hedersdoktor vid Uppsala Universitet och Hans Bohlin, innovat\u00f6r och fascia-expert\" \/>\n<meta name=\"robots\" content=\"index, follow, max-snippet:-1, max-image-preview:large, max-video-preview:-1\" \/>\n<link rel=\"canonical\" href=\"https:\/\/fasciainnovation.com\/sv\/inflammation-i-fascia-orsakar-landryggssmarta\/\" \/>\n<meta property=\"og:locale\" content=\"sv_SE\" \/>\n<meta property=\"og:type\" content=\"article\" \/>\n<meta property=\"og:title\" content=\"Inflammation i fascia orsakar l\u00e4ndryggssm\u00e4rta - Innovation\" \/>\n<meta property=\"og:description\" content=\"Seminarium om ryggv\u00e4rk, ny forskning, bindv\u00e4v och inflammation med Dr. Heike J\u00e4ger fr\u00e5n Fascia Research Center i Ulm, Tyskland, Professor Karl E Arfors, hedersdoktor vid Uppsala Universitet och Hans Bohlin, innovat\u00f6r och fascia-expert\" \/>\n<meta property=\"og:url\" content=\"https:\/\/fasciainnovation.com\/sv\/inflammation-i-fascia-orsakar-landryggssmarta\/\" \/>\n<meta property=\"og:site_name\" content=\"Innovation\" \/>\n<meta property=\"article:published_time\" content=\"2017-05-17T13:30:59+00:00\" \/>\n<meta property=\"article:modified_time\" content=\"2025-10-28T09:09:14+00:00\" \/>\n<meta property=\"og:image\" content=\"https:\/\/innovation.atlasbalans.com\/wp-content\/uploads\/2025\/08\/039-atlasbalans-square-fascia-inflammation-lecture.jpg\" \/>\n\t<meta property=\"og:image:width\" content=\"1080\" \/>\n\t<meta property=\"og:image:height\" content=\"1080\" \/>\n\t<meta property=\"og:image:type\" content=\"image\/jpeg\" \/>\n<meta name=\"author\" content=\"admin\" \/>\n<meta name=\"twitter:card\" content=\"summary_large_image\" \/>\n<meta name=\"twitter:label1\" content=\"Skriven av\" \/>\n\t<meta name=\"twitter:data1\" content=\"admin\" \/>\n\t<meta name=\"twitter:label2\" content=\"Ber\u00e4knad l\u00e4stid\" \/>\n\t<meta name=\"twitter:data2\" content=\"1 minut\" \/>\n<script type=\"application\/ld+json\" class=\"yoast-schema-graph\">{\"@context\":\"https:\/\/schema.org\",\"@graph\":[{\"@type\":\"Article\",\"@id\":\"https:\/\/fasciainnovation.com\/sv\/inflammation-i-fascia-orsakar-landryggssmarta\/#article\",\"isPartOf\":{\"@id\":\"https:\/\/fasciainnovation.com\/sv\/inflammation-i-fascia-orsakar-landryggssmarta\/\"},\"author\":{\"name\":\"admin\",\"@id\":\"https:\/\/fasciainnovation.com\/sv\/#\/schema\/person\/6869e573ae29650211688d6165f9ee0e\"},\"headline\":\"Inflammation i fascia orsakar l\u00e4ndryggssm\u00e4rta\",\"datePublished\":\"2017-05-17T13:30:59+00:00\",\"dateModified\":\"2025-10-28T09:09:14+00:00\",\"mainEntityOfPage\":{\"@id\":\"https:\/\/fasciainnovation.com\/sv\/inflammation-i-fascia-orsakar-landryggssmarta\/\"},\"wordCount\":225,\"publisher\":{\"@id\":\"https:\/\/fasciainnovation.com\/sv\/#organization\"},\"image\":{\"@id\":\"https:\/\/fasciainnovation.com\/sv\/inflammation-i-fascia-orsakar-landryggssmarta\/#primaryimage\"},\"thumbnailUrl\":\"https:\/\/fasciainnovation.com\/wp-content\/uploads\/2025\/08\/039-atlasbalans-square-fascia-inflammation-lecture.jpg\",\"articleSection\":[\"Begrepp|Nyheter &amp; artiklar|Press\"],\"inLanguage\":\"sv-SE\"},{\"@type\":\"WebPage\",\"@id\":\"https:\/\/fasciainnovation.com\/sv\/inflammation-i-fascia-orsakar-landryggssmarta\/\",\"url\":\"https:\/\/fasciainnovation.com\/sv\/inflammation-i-fascia-orsakar-landryggssmarta\/\",\"name\":\"Inflammation i fascia orsakar l\u00e4ndryggssm\u00e4rta - Innovation\",\"isPartOf\":{\"@id\":\"https:\/\/fasciainnovation.com\/sv\/#website\"},\"primaryImageOfPage\":{\"@id\":\"https:\/\/fasciainnovation.com\/sv\/inflammation-i-fascia-orsakar-landryggssmarta\/#primaryimage\"},\"image\":{\"@id\":\"https:\/\/fasciainnovation.com\/sv\/inflammation-i-fascia-orsakar-landryggssmarta\/#primaryimage\"},\"thumbnailUrl\":\"https:\/\/fasciainnovation.com\/wp-content\/uploads\/2025\/08\/039-atlasbalans-square-fascia-inflammation-lecture.jpg\",\"datePublished\":\"2017-05-17T13:30:59+00:00\",\"dateModified\":\"2025-10-28T09:09:14+00:00\",\"description\":\"Seminarium om ryggv\u00e4rk, ny forskning, bindv\u00e4v och inflammation med Dr. Heike J\u00e4ger fr\u00e5n Fascia Research Center i Ulm, Tyskland, Professor Karl E Arfors, hedersdoktor vid Uppsala Universitet och Hans Bohlin, innovat\u00f6r och fascia-expert\",\"breadcrumb\":{\"@id\":\"https:\/\/fasciainnovation.com\/sv\/inflammation-i-fascia-orsakar-landryggssmarta\/#breadcrumb\"},\"inLanguage\":\"sv-SE\",\"potentialAction\":[{\"@type\":\"ReadAction\",\"target\":[\"https:\/\/fasciainnovation.com\/sv\/inflammation-i-fascia-orsakar-landryggssmarta\/\"]}]},{\"@type\":\"ImageObject\",\"inLanguage\":\"sv-SE\",\"@id\":\"https:\/\/fasciainnovation.com\/sv\/inflammation-i-fascia-orsakar-landryggssmarta\/#primaryimage\",\"url\":\"https:\/\/fasciainnovation.com\/wp-content\/uploads\/2025\/08\/039-atlasbalans-square-fascia-inflammation-lecture.jpg\",\"contentUrl\":\"https:\/\/fasciainnovation.com\/wp-content\/uploads\/2025\/08\/039-atlasbalans-square-fascia-inflammation-lecture.jpg\",\"width\":1080,\"height\":1080},{\"@type\":\"BreadcrumbList\",\"@id\":\"https:\/\/fasciainnovation.com\/sv\/inflammation-i-fascia-orsakar-landryggssmarta\/#breadcrumb\",\"itemListElement\":[{\"@type\":\"ListItem\",\"position\":1,\"name\":\"Home\",\"item\":\"https:\/\/innovation.atlasbalans.com\/sv\/\"},{\"@type\":\"ListItem\",\"position\":2,\"name\":\"Inflammation i fascia orsakar l\u00e4ndryggssm\u00e4rta\"}]},{\"@type\":\"WebSite\",\"@id\":\"https:\/\/fasciainnovation.com\/sv\/#website\",\"url\":\"https:\/\/fasciainnovation.com\/sv\/\",\"name\":\"Fasciainnovation\",\"description\":\"Redefining Wellness Through Fascia Science\",\"publisher\":{\"@id\":\"https:\/\/fasciainnovation.com\/sv\/#organization\"},\"potentialAction\":[{\"@type\":\"SearchAction\",\"target\":{\"@type\":\"EntryPoint\",\"urlTemplate\":\"https:\/\/fasciainnovation.com\/sv\/?s={search_term_string}\"},\"query-input\":{\"@type\":\"PropertyValueSpecification\",\"valueRequired\":true,\"valueName\":\"search_term_string\"}}],\"inLanguage\":\"sv-SE\"},{\"@type\":\"Organization\",\"@id\":\"https:\/\/fasciainnovation.com\/sv\/#organization\",\"name\":\"Fasciainnovation\",\"url\":\"https:\/\/fasciainnovation.com\/sv\/\",\"logo\":{\"@type\":\"ImageObject\",\"inLanguage\":\"sv-SE\",\"@id\":\"https:\/\/fasciainnovation.com\/sv\/#\/schema\/logo\/image\/\",\"url\":\"https:\/\/fasciainnovation.com\/wp-content\/uploads\/2025\/10\/atlasbalans-color-logo.png\",\"contentUrl\":\"https:\/\/fasciainnovation.com\/wp-content\/uploads\/2025\/10\/atlasbalans-color-logo.png\",\"width\":568,\"height\":190,\"caption\":\"Fasciainnovation\"},\"image\":{\"@id\":\"https:\/\/fasciainnovation.com\/sv\/#\/schema\/logo\/image\/\"},\"sameAs\":[\"https:\/\/www.instagram.com\/atlasbalans\/\",\"https:\/\/www.youtube.com\/@atlasbalans\"]},{\"@type\":\"Person\",\"@id\":\"https:\/\/fasciainnovation.com\/sv\/#\/schema\/person\/6869e573ae29650211688d6165f9ee0e\",\"name\":\"admin\",\"image\":{\"@type\":\"ImageObject\",\"inLanguage\":\"sv-SE\",\"@id\":\"https:\/\/fasciainnovation.com\/sv\/#\/schema\/person\/image\/\",\"url\":\"https:\/\/secure.gravatar.com\/avatar\/82a646bbdd79f852ae28ed3acfe23bc972d0e3f4c18697717b4b558c0064d562?s=96&d=mm&r=g\",\"contentUrl\":\"https:\/\/secure.gravatar.com\/avatar\/82a646bbdd79f852ae28ed3acfe23bc972d0e3f4c18697717b4b558c0064d562?s=96&d=mm&r=g\",\"caption\":\"admin\"},\"sameAs\":[\"https:\/\/innovation.atlasbalans.com\"]}]}<\/script>\n<!-- \/ Yoast SEO plugin. -->","yoast_head_json":{"title":"Inflammation i fascia orsakar l\u00e4ndryggssm\u00e4rta - Innovation","description":"Seminarium om ryggv\u00e4rk, ny forskning, bindv\u00e4v och inflammation med Dr. Heike J\u00e4ger fr\u00e5n Fascia Research Center i Ulm, Tyskland, Professor Karl E Arfors, hedersdoktor vid Uppsala Universitet och Hans Bohlin, innovat\u00f6r och fascia-expert","robots":{"index":"index","follow":"follow","max-snippet":"max-snippet:-1","max-image-preview":"max-image-preview:large","max-video-preview":"max-video-preview:-1"},"canonical":"https:\/\/fasciainnovation.com\/sv\/inflammation-i-fascia-orsakar-landryggssmarta\/","og_locale":"sv_SE","og_type":"article","og_title":"Inflammation i fascia orsakar l\u00e4ndryggssm\u00e4rta - Innovation","og_description":"Seminarium om ryggv\u00e4rk, ny forskning, bindv\u00e4v och inflammation med Dr. Heike J\u00e4ger fr\u00e5n Fascia Research Center i Ulm, Tyskland, Professor Karl E Arfors, hedersdoktor vid Uppsala Universitet och Hans Bohlin, innovat\u00f6r och fascia-expert","og_url":"https:\/\/fasciainnovation.com\/sv\/inflammation-i-fascia-orsakar-landryggssmarta\/","og_site_name":"Innovation","article_published_time":"2017-05-17T13:30:59+00:00","article_modified_time":"2025-10-28T09:09:14+00:00","og_image":[{"width":1080,"height":1080,"url":"https:\/\/innovation.atlasbalans.com\/wp-content\/uploads\/2025\/08\/039-atlasbalans-square-fascia-inflammation-lecture.jpg","type":"image\/jpeg"}],"author":"admin","twitter_card":"summary_large_image","twitter_misc":{"Skriven av":"admin","Ber\u00e4knad l\u00e4stid":"1 minut"},"schema":{"@context":"https:\/\/schema.org","@graph":[{"@type":"Article","@id":"https:\/\/fasciainnovation.com\/sv\/inflammation-i-fascia-orsakar-landryggssmarta\/#article","isPartOf":{"@id":"https:\/\/fasciainnovation.com\/sv\/inflammation-i-fascia-orsakar-landryggssmarta\/"},"author":{"name":"admin","@id":"https:\/\/fasciainnovation.com\/sv\/#\/schema\/person\/6869e573ae29650211688d6165f9ee0e"},"headline":"Inflammation i fascia orsakar l\u00e4ndryggssm\u00e4rta","datePublished":"2017-05-17T13:30:59+00:00","dateModified":"2025-10-28T09:09:14+00:00","mainEntityOfPage":{"@id":"https:\/\/fasciainnovation.com\/sv\/inflammation-i-fascia-orsakar-landryggssmarta\/"},"wordCount":225,"publisher":{"@id":"https:\/\/fasciainnovation.com\/sv\/#organization"},"image":{"@id":"https:\/\/fasciainnovation.com\/sv\/inflammation-i-fascia-orsakar-landryggssmarta\/#primaryimage"},"thumbnailUrl":"https:\/\/fasciainnovation.com\/wp-content\/uploads\/2025\/08\/039-atlasbalans-square-fascia-inflammation-lecture.jpg","articleSection":["Begrepp|Nyheter &amp; artiklar|Press"],"inLanguage":"sv-SE"},{"@type":"WebPage","@id":"https:\/\/fasciainnovation.com\/sv\/inflammation-i-fascia-orsakar-landryggssmarta\/","url":"https:\/\/fasciainnovation.com\/sv\/inflammation-i-fascia-orsakar-landryggssmarta\/","name":"Inflammation i fascia orsakar l\u00e4ndryggssm\u00e4rta - Innovation","isPartOf":{"@id":"https:\/\/fasciainnovation.com\/sv\/#website"},"primaryImageOfPage":{"@id":"https:\/\/fasciainnovation.com\/sv\/inflammation-i-fascia-orsakar-landryggssmarta\/#primaryimage"},"image":{"@id":"https:\/\/fasciainnovation.com\/sv\/inflammation-i-fascia-orsakar-landryggssmarta\/#primaryimage"},"thumbnailUrl":"https:\/\/fasciainnovation.com\/wp-content\/uploads\/2025\/08\/039-atlasbalans-square-fascia-inflammation-lecture.jpg","datePublished":"2017-05-17T13:30:59+00:00","dateModified":"2025-10-28T09:09:14+00:00","description":"Seminarium om ryggv\u00e4rk, ny forskning, bindv\u00e4v och inflammation med Dr. Heike J\u00e4ger fr\u00e5n Fascia Research Center i Ulm, Tyskland, Professor Karl E Arfors, hedersdoktor vid Uppsala Universitet och Hans Bohlin, innovat\u00f6r och fascia-expert","breadcrumb":{"@id":"https:\/\/fasciainnovation.com\/sv\/inflammation-i-fascia-orsakar-landryggssmarta\/#breadcrumb"},"inLanguage":"sv-SE","potentialAction":[{"@type":"ReadAction","target":["https:\/\/fasciainnovation.com\/sv\/inflammation-i-fascia-orsakar-landryggssmarta\/"]}]},{"@type":"ImageObject","inLanguage":"sv-SE","@id":"https:\/\/fasciainnovation.com\/sv\/inflammation-i-fascia-orsakar-landryggssmarta\/#primaryimage","url":"https:\/\/fasciainnovation.com\/wp-content\/uploads\/2025\/08\/039-atlasbalans-square-fascia-inflammation-lecture.jpg","contentUrl":"https:\/\/fasciainnovation.com\/wp-content\/uploads\/2025\/08\/039-atlasbalans-square-fascia-inflammation-lecture.jpg","width":1080,"height":1080},{"@type":"BreadcrumbList","@id":"https:\/\/fasciainnovation.com\/sv\/inflammation-i-fascia-orsakar-landryggssmarta\/#breadcrumb","itemListElement":[{"@type":"ListItem","position":1,"name":"Home","item":"https:\/\/innovation.atlasbalans.com\/sv\/"},{"@type":"ListItem","position":2,"name":"Inflammation i fascia orsakar l\u00e4ndryggssm\u00e4rta"}]},{"@type":"WebSite","@id":"https:\/\/fasciainnovation.com\/sv\/#website","url":"https:\/\/fasciainnovation.com\/sv\/","name":"Fasciainnovation","description":"Redefining Wellness Through Fascia Science","publisher":{"@id":"https:\/\/fasciainnovation.com\/sv\/#organization"},"potentialAction":[{"@type":"SearchAction","target":{"@type":"EntryPoint","urlTemplate":"https:\/\/fasciainnovation.com\/sv\/?s={search_term_string}"},"query-input":{"@type":"PropertyValueSpecification","valueRequired":true,"valueName":"search_term_string"}}],"inLanguage":"sv-SE"},{"@type":"Organization","@id":"https:\/\/fasciainnovation.com\/sv\/#organization","name":"Fasciainnovation","url":"https:\/\/fasciainnovation.com\/sv\/","logo":{"@type":"ImageObject","inLanguage":"sv-SE","@id":"https:\/\/fasciainnovation.com\/sv\/#\/schema\/logo\/image\/","url":"https:\/\/fasciainnovation.com\/wp-content\/uploads\/2025\/10\/atlasbalans-color-logo.png","contentUrl":"https:\/\/fasciainnovation.com\/wp-content\/uploads\/2025\/10\/atlasbalans-color-logo.png","width":568,"height":190,"caption":"Fasciainnovation"},"image":{"@id":"https:\/\/fasciainnovation.com\/sv\/#\/schema\/logo\/image\/"},"sameAs":["https:\/\/www.instagram.com\/atlasbalans\/","https:\/\/www.youtube.com\/@atlasbalans"]},{"@type":"Person","@id":"https:\/\/fasciainnovation.com\/sv\/#\/schema\/person\/6869e573ae29650211688d6165f9ee0e","name":"admin","image":{"@type":"ImageObject","inLanguage":"sv-SE","@id":"https:\/\/fasciainnovation.com\/sv\/#\/schema\/person\/image\/","url":"https:\/\/secure.gravatar.com\/avatar\/82a646bbdd79f852ae28ed3acfe23bc972d0e3f4c18697717b4b558c0064d562?s=96&d=mm&r=g","contentUrl":"https:\/\/secure.gravatar.com\/avatar\/82a646bbdd79f852ae28ed3acfe23bc972d0e3f4c18697717b4b558c0064d562?s=96&d=mm&r=g","caption":"admin"},"sameAs":["https:\/\/innovation.atlasbalans.com"]}]}},"_links":{"self":[{"href":"https:\/\/fasciainnovation.com\/sv\/wp-json\/wp\/v2\/posts\/29638","targetHints":{"allow":["GET"]}}],"collection":[{"href":"https:\/\/fasciainnovation.com\/sv\/wp-json\/wp\/v2\/posts"}],"about":[{"href":"https:\/\/fasciainnovation.com\/sv\/wp-json\/wp\/v2\/types\/post"}],"author":[{"embeddable":true,"href":"https:\/\/fasciainnovation.com\/sv\/wp-json\/wp\/v2\/users\/1"}],"replies":[{"embeddable":true,"href":"https:\/\/fasciainnovation.com\/sv\/wp-json\/wp\/v2\/comments?post=29638"}],"version-history":[{"count":0,"href":"https:\/\/fasciainnovation.com\/sv\/wp-json\/wp\/v2\/posts\/29638\/revisions"}],"wp:featuredmedia":[{"embeddable":true,"href":"https:\/\/fasciainnovation.com\/sv\/wp-json\/wp\/v2\/media\/29704"}],"wp:attachment":[{"href":"https:\/\/fasciainnovation.com\/sv\/wp-json\/wp\/v2\/media?parent=29638"}],"wp:term":[{"taxonomy":"category","embeddable":true,"href":"https:\/\/fasciainnovation.com\/sv\/wp-json\/wp\/v2\/categories?post=29638"},{"taxonomy":"post_tag","embeddable":true,"href":"https:\/\/fasciainnovation.com\/sv\/wp-json\/wp\/v2\/tags?post=29638"}],"curies":[{"name":"wp","href":"https:\/\/api.w.org\/{rel}","templated":true}]}}