{"id":29639,"date":"2017-06-05T13:20:34","date_gmt":"2017-06-05T11:20:34","guid":{"rendered":"https:\/\/staging.atlasbalans.com\/ny-forskning-om-fascia-forandrar-vart-satt-att-se-pa-smarta\/"},"modified":"2025-10-28T10:09:08","modified_gmt":"2025-10-28T09:09:08","slug":"ny-forskning-om-fascia-forandrar-vart-satt-att-se-pa-smarta","status":"publish","type":"post","link":"https:\/\/fasciainnovation.com\/sv\/ny-forskning-om-fascia-forandrar-vart-satt-att-se-pa-smarta\/","title":{"rendered":"Ny forskning om fascia f\u00f6r\u00e4ndrar v\u00e5rt s\u00e4tt att se p\u00e5 sm\u00e4rta"},"content":{"rendered":"<p><strong>Det p\u00e5g\u00e5r en global revolution inom det anatomiska forskningsomr\u00e5det som v\u00e4nder upp och ner p\u00e5 hur vi ser p\u00e5 v\u00e5ra kroppar och s\u00e4tter en ny standard f\u00f6r hur vi bedriver forskning.  <\/strong><\/p>\n<p>Dr Heike J\u00e4ger, neurofysiolog och specialist p\u00e5 muskelsjukdomar, kronisk sm\u00e4rta och ryggv\u00e4rk vid Fascia Research Center vid universitetet i Ulm, Tyskland, \u00e4r en av dem som leder denna utveckling. Enligt henne \u00e4r de gamla f\u00f6ruts\u00e4ttningarna f\u00f6r anatomisk forskning inte l\u00e4ngre giltiga. <\/p>\n<p>Anledningen \u00e4r denna eldsv\u00e5da av nya uppt\u00e4ckter som utmanar v\u00e5r konventionella syn p\u00e5 m\u00e4nniskokroppen. Ett s\u00e5dant exempel<a href=\"http:\/\/onlinelibrary.wiley.com\/doi\/10.1111\/joa.12157\/full\" target=\"_blank\" rel=\"noopener noreferrer\">(Rein et al, 2014)<\/a> \u00e4r uppt\u00e4ckten av en ny typ av nerv\u00e4ndar i v\u00e4vnaden, som tidigare varit ok\u00e4nd f\u00f6r oss. <\/p>\n<h4>Vill du veta mer om Fascia?<\/h4>\n<p>Visste du att Atlasbalans ocks\u00e5 ligger bakom v\u00e4rldens st\u00f6rsta webbplats om Fascia och Fasciaforskning?<\/p>\n<p><a href=\"http:\/\/thefasciaguide.com\">thefasciaguide.com<\/a> finns f\u00f6r att ge m\u00e4nniskor kunskap om kroppen p\u00e5 ett enkelt s\u00e4tt.The Fascia Guide<\/p>\n<h3>L\u00e4s mer om Swedish Fascia Vibes av Atlasbalans<\/h3>\n","protected":false},"excerpt":{"rendered":"<p>Det p\u00e5g\u00e5r en global revolution inom det anatomiska forskningsomr\u00e5det som v\u00e4nder upp och ner p\u00e5 hur vi ser p\u00e5 v\u00e5ra kroppar och s\u00e4tter en ny standard f\u00f6r hur vi bedriver forskning.  <\/p>\n","protected":false},"author":1,"featured_media":29702,"comment_status":"closed","ping_status":"closed","sticky":false,"template":"","format":"standard","meta":{"footnotes":""},"categories":[309],"tags":[],"class_list":["post-29639","post","type-post","status-publish","format-standard","has-post-thumbnail","hentry","category-konceptinnovation-utvecklingnyheter-artiklarsvenska-fascia-vibes","category-309","description-off"],"yoast_head":"<!-- This site is optimized with the Yoast SEO plugin v26.8 - https:\/\/yoast.com\/product\/yoast-seo-wordpress\/ -->\n<title>Ny forskning om fascia f\u00f6r\u00e4ndrar v\u00e5rt s\u00e4tt att se p\u00e5 sm\u00e4rta - Innovation<\/title>\n<meta name=\"description\" content=\"Det p\u00e5g\u00e5r en global revolution inom det anatomiska forskningsomr\u00e5det som v\u00e4nder upp och ner p\u00e5 hur vi ser p\u00e5 v\u00e5ra kroppar och s\u00e4tter en ny standard f\u00f6r hur vi bedriver forskning.\" \/>\n<meta name=\"robots\" content=\"index, follow, max-snippet:-1, max-image-preview:large, max-video-preview:-1\" \/>\n<link rel=\"canonical\" href=\"https:\/\/fasciainnovation.com\/sv\/ny-forskning-om-fascia-forandrar-vart-satt-att-se-pa-smarta\/\" \/>\n<meta property=\"og:locale\" content=\"sv_SE\" \/>\n<meta property=\"og:type\" content=\"article\" \/>\n<meta property=\"og:title\" content=\"Ny forskning om fascia f\u00f6r\u00e4ndrar v\u00e5rt s\u00e4tt att se p\u00e5 sm\u00e4rta - Innovation\" \/>\n<meta property=\"og:description\" content=\"Det p\u00e5g\u00e5r en global revolution inom det anatomiska forskningsomr\u00e5det som v\u00e4nder upp och ner p\u00e5 hur vi ser p\u00e5 v\u00e5ra kroppar och s\u00e4tter en ny standard f\u00f6r hur vi bedriver forskning.\" \/>\n<meta property=\"og:url\" content=\"https:\/\/fasciainnovation.com\/sv\/ny-forskning-om-fascia-forandrar-vart-satt-att-se-pa-smarta\/\" \/>\n<meta property=\"og:site_name\" content=\"Innovation\" \/>\n<meta property=\"article:published_time\" content=\"2017-06-05T11:20:34+00:00\" \/>\n<meta property=\"article:modified_time\" content=\"2025-10-28T09:09:08+00:00\" \/>\n<meta property=\"og:image\" content=\"https:\/\/innovation.atlasbalans.com\/wp-content\/uploads\/2025\/10\/032-atlasbalans-square-fascia-expert-Hans-Bohlin.jpg\" \/>\n\t<meta property=\"og:image:width\" content=\"1080\" \/>\n\t<meta property=\"og:image:height\" content=\"1080\" \/>\n\t<meta property=\"og:image:type\" content=\"image\/jpeg\" \/>\n<meta name=\"author\" content=\"admin\" \/>\n<meta name=\"twitter:card\" content=\"summary_large_image\" \/>\n<meta name=\"twitter:label1\" content=\"Skriven av\" \/>\n\t<meta name=\"twitter:data1\" content=\"admin\" \/>\n\t<meta name=\"twitter:label2\" content=\"Ber\u00e4knad l\u00e4stid\" \/>\n\t<meta name=\"twitter:data2\" content=\"1 minut\" \/>\n<script type=\"application\/ld+json\" class=\"yoast-schema-graph\">{\"@context\":\"https:\/\/schema.org\",\"@graph\":[{\"@type\":\"Article\",\"@id\":\"https:\/\/fasciainnovation.com\/sv\/ny-forskning-om-fascia-forandrar-vart-satt-att-se-pa-smarta\/#article\",\"isPartOf\":{\"@id\":\"https:\/\/fasciainnovation.com\/sv\/ny-forskning-om-fascia-forandrar-vart-satt-att-se-pa-smarta\/\"},\"author\":{\"name\":\"admin\",\"@id\":\"https:\/\/fasciainnovation.com\/sv\/#\/schema\/person\/6869e573ae29650211688d6165f9ee0e\"},\"headline\":\"Ny forskning om fascia f\u00f6r\u00e4ndrar v\u00e5rt s\u00e4tt att se p\u00e5 sm\u00e4rta\",\"datePublished\":\"2017-06-05T11:20:34+00:00\",\"dateModified\":\"2025-10-28T09:09:08+00:00\",\"mainEntityOfPage\":{\"@id\":\"https:\/\/fasciainnovation.com\/sv\/ny-forskning-om-fascia-forandrar-vart-satt-att-se-pa-smarta\/\"},\"wordCount\":199,\"publisher\":{\"@id\":\"https:\/\/fasciainnovation.com\/sv\/#organization\"},\"image\":{\"@id\":\"https:\/\/fasciainnovation.com\/sv\/ny-forskning-om-fascia-forandrar-vart-satt-att-se-pa-smarta\/#primaryimage\"},\"thumbnailUrl\":\"https:\/\/fasciainnovation.com\/wp-content\/uploads\/2025\/10\/032-atlasbalans-square-fascia-expert-Hans-Bohlin.jpg\",\"articleSection\":[\"Koncept|Innovation &amp; Utveckling|Nyheter &amp; Artiklar|Svenska Fascia Vibes\"],\"inLanguage\":\"sv-SE\"},{\"@type\":\"WebPage\",\"@id\":\"https:\/\/fasciainnovation.com\/sv\/ny-forskning-om-fascia-forandrar-vart-satt-att-se-pa-smarta\/\",\"url\":\"https:\/\/fasciainnovation.com\/sv\/ny-forskning-om-fascia-forandrar-vart-satt-att-se-pa-smarta\/\",\"name\":\"Ny forskning om fascia f\u00f6r\u00e4ndrar v\u00e5rt s\u00e4tt att se p\u00e5 sm\u00e4rta - Innovation\",\"isPartOf\":{\"@id\":\"https:\/\/fasciainnovation.com\/sv\/#website\"},\"primaryImageOfPage\":{\"@id\":\"https:\/\/fasciainnovation.com\/sv\/ny-forskning-om-fascia-forandrar-vart-satt-att-se-pa-smarta\/#primaryimage\"},\"image\":{\"@id\":\"https:\/\/fasciainnovation.com\/sv\/ny-forskning-om-fascia-forandrar-vart-satt-att-se-pa-smarta\/#primaryimage\"},\"thumbnailUrl\":\"https:\/\/fasciainnovation.com\/wp-content\/uploads\/2025\/10\/032-atlasbalans-square-fascia-expert-Hans-Bohlin.jpg\",\"datePublished\":\"2017-06-05T11:20:34+00:00\",\"dateModified\":\"2025-10-28T09:09:08+00:00\",\"description\":\"Det p\u00e5g\u00e5r en global revolution inom det anatomiska forskningsomr\u00e5det som v\u00e4nder upp och ner p\u00e5 hur vi ser p\u00e5 v\u00e5ra kroppar och s\u00e4tter en ny standard f\u00f6r hur vi bedriver forskning.\",\"breadcrumb\":{\"@id\":\"https:\/\/fasciainnovation.com\/sv\/ny-forskning-om-fascia-forandrar-vart-satt-att-se-pa-smarta\/#breadcrumb\"},\"inLanguage\":\"sv-SE\",\"potentialAction\":[{\"@type\":\"ReadAction\",\"target\":[\"https:\/\/fasciainnovation.com\/sv\/ny-forskning-om-fascia-forandrar-vart-satt-att-se-pa-smarta\/\"]}]},{\"@type\":\"ImageObject\",\"inLanguage\":\"sv-SE\",\"@id\":\"https:\/\/fasciainnovation.com\/sv\/ny-forskning-om-fascia-forandrar-vart-satt-att-se-pa-smarta\/#primaryimage\",\"url\":\"https:\/\/fasciainnovation.com\/wp-content\/uploads\/2025\/10\/032-atlasbalans-square-fascia-expert-Hans-Bohlin.jpg\",\"contentUrl\":\"https:\/\/fasciainnovation.com\/wp-content\/uploads\/2025\/10\/032-atlasbalans-square-fascia-expert-Hans-Bohlin.jpg\",\"width\":1080,\"height\":1080},{\"@type\":\"BreadcrumbList\",\"@id\":\"https:\/\/fasciainnovation.com\/sv\/ny-forskning-om-fascia-forandrar-vart-satt-att-se-pa-smarta\/#breadcrumb\",\"itemListElement\":[{\"@type\":\"ListItem\",\"position\":1,\"name\":\"Home\",\"item\":\"https:\/\/innovation.atlasbalans.com\/sv\/\"},{\"@type\":\"ListItem\",\"position\":2,\"name\":\"Ny forskning om fascia f\u00f6r\u00e4ndrar v\u00e5rt s\u00e4tt att se p\u00e5 sm\u00e4rta\"}]},{\"@type\":\"WebSite\",\"@id\":\"https:\/\/fasciainnovation.com\/sv\/#website\",\"url\":\"https:\/\/fasciainnovation.com\/sv\/\",\"name\":\"Fasciainnovation\",\"description\":\"Redefining Wellness Through Fascia Science\",\"publisher\":{\"@id\":\"https:\/\/fasciainnovation.com\/sv\/#organization\"},\"potentialAction\":[{\"@type\":\"SearchAction\",\"target\":{\"@type\":\"EntryPoint\",\"urlTemplate\":\"https:\/\/fasciainnovation.com\/sv\/?s={search_term_string}\"},\"query-input\":{\"@type\":\"PropertyValueSpecification\",\"valueRequired\":true,\"valueName\":\"search_term_string\"}}],\"inLanguage\":\"sv-SE\"},{\"@type\":\"Organization\",\"@id\":\"https:\/\/fasciainnovation.com\/sv\/#organization\",\"name\":\"Fasciainnovation\",\"url\":\"https:\/\/fasciainnovation.com\/sv\/\",\"logo\":{\"@type\":\"ImageObject\",\"inLanguage\":\"sv-SE\",\"@id\":\"https:\/\/fasciainnovation.com\/sv\/#\/schema\/logo\/image\/\",\"url\":\"https:\/\/fasciainnovation.com\/wp-content\/uploads\/2025\/10\/atlasbalans-color-logo.png\",\"contentUrl\":\"https:\/\/fasciainnovation.com\/wp-content\/uploads\/2025\/10\/atlasbalans-color-logo.png\",\"width\":568,\"height\":190,\"caption\":\"Fasciainnovation\"},\"image\":{\"@id\":\"https:\/\/fasciainnovation.com\/sv\/#\/schema\/logo\/image\/\"},\"sameAs\":[\"https:\/\/www.instagram.com\/atlasbalans\/\",\"https:\/\/www.youtube.com\/@atlasbalans\"]},{\"@type\":\"Person\",\"@id\":\"https:\/\/fasciainnovation.com\/sv\/#\/schema\/person\/6869e573ae29650211688d6165f9ee0e\",\"name\":\"admin\",\"image\":{\"@type\":\"ImageObject\",\"inLanguage\":\"sv-SE\",\"@id\":\"https:\/\/fasciainnovation.com\/sv\/#\/schema\/person\/image\/\",\"url\":\"https:\/\/secure.gravatar.com\/avatar\/82a646bbdd79f852ae28ed3acfe23bc972d0e3f4c18697717b4b558c0064d562?s=96&d=mm&r=g\",\"contentUrl\":\"https:\/\/secure.gravatar.com\/avatar\/82a646bbdd79f852ae28ed3acfe23bc972d0e3f4c18697717b4b558c0064d562?s=96&d=mm&r=g\",\"caption\":\"admin\"},\"sameAs\":[\"https:\/\/innovation.atlasbalans.com\"]}]}<\/script>\n<!-- \/ Yoast SEO plugin. -->","yoast_head_json":{"title":"Ny forskning om fascia f\u00f6r\u00e4ndrar v\u00e5rt s\u00e4tt att se p\u00e5 sm\u00e4rta - Innovation","description":"Det p\u00e5g\u00e5r en global revolution inom det anatomiska forskningsomr\u00e5det som v\u00e4nder upp och ner p\u00e5 hur vi ser p\u00e5 v\u00e5ra kroppar och s\u00e4tter en ny standard f\u00f6r hur vi bedriver forskning.","robots":{"index":"index","follow":"follow","max-snippet":"max-snippet:-1","max-image-preview":"max-image-preview:large","max-video-preview":"max-video-preview:-1"},"canonical":"https:\/\/fasciainnovation.com\/sv\/ny-forskning-om-fascia-forandrar-vart-satt-att-se-pa-smarta\/","og_locale":"sv_SE","og_type":"article","og_title":"Ny forskning om fascia f\u00f6r\u00e4ndrar v\u00e5rt s\u00e4tt att se p\u00e5 sm\u00e4rta - Innovation","og_description":"Det p\u00e5g\u00e5r en global revolution inom det anatomiska forskningsomr\u00e5det som v\u00e4nder upp och ner p\u00e5 hur vi ser p\u00e5 v\u00e5ra kroppar och s\u00e4tter en ny standard f\u00f6r hur vi bedriver forskning.","og_url":"https:\/\/fasciainnovation.com\/sv\/ny-forskning-om-fascia-forandrar-vart-satt-att-se-pa-smarta\/","og_site_name":"Innovation","article_published_time":"2017-06-05T11:20:34+00:00","article_modified_time":"2025-10-28T09:09:08+00:00","og_image":[{"width":1080,"height":1080,"url":"https:\/\/innovation.atlasbalans.com\/wp-content\/uploads\/2025\/10\/032-atlasbalans-square-fascia-expert-Hans-Bohlin.jpg","type":"image\/jpeg"}],"author":"admin","twitter_card":"summary_large_image","twitter_misc":{"Skriven av":"admin","Ber\u00e4knad l\u00e4stid":"1 minut"},"schema":{"@context":"https:\/\/schema.org","@graph":[{"@type":"Article","@id":"https:\/\/fasciainnovation.com\/sv\/ny-forskning-om-fascia-forandrar-vart-satt-att-se-pa-smarta\/#article","isPartOf":{"@id":"https:\/\/fasciainnovation.com\/sv\/ny-forskning-om-fascia-forandrar-vart-satt-att-se-pa-smarta\/"},"author":{"name":"admin","@id":"https:\/\/fasciainnovation.com\/sv\/#\/schema\/person\/6869e573ae29650211688d6165f9ee0e"},"headline":"Ny forskning om fascia f\u00f6r\u00e4ndrar v\u00e5rt s\u00e4tt att se p\u00e5 sm\u00e4rta","datePublished":"2017-06-05T11:20:34+00:00","dateModified":"2025-10-28T09:09:08+00:00","mainEntityOfPage":{"@id":"https:\/\/fasciainnovation.com\/sv\/ny-forskning-om-fascia-forandrar-vart-satt-att-se-pa-smarta\/"},"wordCount":199,"publisher":{"@id":"https:\/\/fasciainnovation.com\/sv\/#organization"},"image":{"@id":"https:\/\/fasciainnovation.com\/sv\/ny-forskning-om-fascia-forandrar-vart-satt-att-se-pa-smarta\/#primaryimage"},"thumbnailUrl":"https:\/\/fasciainnovation.com\/wp-content\/uploads\/2025\/10\/032-atlasbalans-square-fascia-expert-Hans-Bohlin.jpg","articleSection":["Koncept|Innovation &amp; Utveckling|Nyheter &amp; Artiklar|Svenska Fascia Vibes"],"inLanguage":"sv-SE"},{"@type":"WebPage","@id":"https:\/\/fasciainnovation.com\/sv\/ny-forskning-om-fascia-forandrar-vart-satt-att-se-pa-smarta\/","url":"https:\/\/fasciainnovation.com\/sv\/ny-forskning-om-fascia-forandrar-vart-satt-att-se-pa-smarta\/","name":"Ny forskning om fascia f\u00f6r\u00e4ndrar v\u00e5rt s\u00e4tt att se p\u00e5 sm\u00e4rta - Innovation","isPartOf":{"@id":"https:\/\/fasciainnovation.com\/sv\/#website"},"primaryImageOfPage":{"@id":"https:\/\/fasciainnovation.com\/sv\/ny-forskning-om-fascia-forandrar-vart-satt-att-se-pa-smarta\/#primaryimage"},"image":{"@id":"https:\/\/fasciainnovation.com\/sv\/ny-forskning-om-fascia-forandrar-vart-satt-att-se-pa-smarta\/#primaryimage"},"thumbnailUrl":"https:\/\/fasciainnovation.com\/wp-content\/uploads\/2025\/10\/032-atlasbalans-square-fascia-expert-Hans-Bohlin.jpg","datePublished":"2017-06-05T11:20:34+00:00","dateModified":"2025-10-28T09:09:08+00:00","description":"Det p\u00e5g\u00e5r en global revolution inom det anatomiska forskningsomr\u00e5det som v\u00e4nder upp och ner p\u00e5 hur vi ser p\u00e5 v\u00e5ra kroppar och s\u00e4tter en ny standard f\u00f6r hur vi bedriver forskning.","breadcrumb":{"@id":"https:\/\/fasciainnovation.com\/sv\/ny-forskning-om-fascia-forandrar-vart-satt-att-se-pa-smarta\/#breadcrumb"},"inLanguage":"sv-SE","potentialAction":[{"@type":"ReadAction","target":["https:\/\/fasciainnovation.com\/sv\/ny-forskning-om-fascia-forandrar-vart-satt-att-se-pa-smarta\/"]}]},{"@type":"ImageObject","inLanguage":"sv-SE","@id":"https:\/\/fasciainnovation.com\/sv\/ny-forskning-om-fascia-forandrar-vart-satt-att-se-pa-smarta\/#primaryimage","url":"https:\/\/fasciainnovation.com\/wp-content\/uploads\/2025\/10\/032-atlasbalans-square-fascia-expert-Hans-Bohlin.jpg","contentUrl":"https:\/\/fasciainnovation.com\/wp-content\/uploads\/2025\/10\/032-atlasbalans-square-fascia-expert-Hans-Bohlin.jpg","width":1080,"height":1080},{"@type":"BreadcrumbList","@id":"https:\/\/fasciainnovation.com\/sv\/ny-forskning-om-fascia-forandrar-vart-satt-att-se-pa-smarta\/#breadcrumb","itemListElement":[{"@type":"ListItem","position":1,"name":"Home","item":"https:\/\/innovation.atlasbalans.com\/sv\/"},{"@type":"ListItem","position":2,"name":"Ny forskning om fascia f\u00f6r\u00e4ndrar v\u00e5rt s\u00e4tt att se p\u00e5 sm\u00e4rta"}]},{"@type":"WebSite","@id":"https:\/\/fasciainnovation.com\/sv\/#website","url":"https:\/\/fasciainnovation.com\/sv\/","name":"Fasciainnovation","description":"Redefining Wellness Through Fascia Science","publisher":{"@id":"https:\/\/fasciainnovation.com\/sv\/#organization"},"potentialAction":[{"@type":"SearchAction","target":{"@type":"EntryPoint","urlTemplate":"https:\/\/fasciainnovation.com\/sv\/?s={search_term_string}"},"query-input":{"@type":"PropertyValueSpecification","valueRequired":true,"valueName":"search_term_string"}}],"inLanguage":"sv-SE"},{"@type":"Organization","@id":"https:\/\/fasciainnovation.com\/sv\/#organization","name":"Fasciainnovation","url":"https:\/\/fasciainnovation.com\/sv\/","logo":{"@type":"ImageObject","inLanguage":"sv-SE","@id":"https:\/\/fasciainnovation.com\/sv\/#\/schema\/logo\/image\/","url":"https:\/\/fasciainnovation.com\/wp-content\/uploads\/2025\/10\/atlasbalans-color-logo.png","contentUrl":"https:\/\/fasciainnovation.com\/wp-content\/uploads\/2025\/10\/atlasbalans-color-logo.png","width":568,"height":190,"caption":"Fasciainnovation"},"image":{"@id":"https:\/\/fasciainnovation.com\/sv\/#\/schema\/logo\/image\/"},"sameAs":["https:\/\/www.instagram.com\/atlasbalans\/","https:\/\/www.youtube.com\/@atlasbalans"]},{"@type":"Person","@id":"https:\/\/fasciainnovation.com\/sv\/#\/schema\/person\/6869e573ae29650211688d6165f9ee0e","name":"admin","image":{"@type":"ImageObject","inLanguage":"sv-SE","@id":"https:\/\/fasciainnovation.com\/sv\/#\/schema\/person\/image\/","url":"https:\/\/secure.gravatar.com\/avatar\/82a646bbdd79f852ae28ed3acfe23bc972d0e3f4c18697717b4b558c0064d562?s=96&d=mm&r=g","contentUrl":"https:\/\/secure.gravatar.com\/avatar\/82a646bbdd79f852ae28ed3acfe23bc972d0e3f4c18697717b4b558c0064d562?s=96&d=mm&r=g","caption":"admin"},"sameAs":["https:\/\/innovation.atlasbalans.com"]}]}},"_links":{"self":[{"href":"https:\/\/fasciainnovation.com\/sv\/wp-json\/wp\/v2\/posts\/29639","targetHints":{"allow":["GET"]}}],"collection":[{"href":"https:\/\/fasciainnovation.com\/sv\/wp-json\/wp\/v2\/posts"}],"about":[{"href":"https:\/\/fasciainnovation.com\/sv\/wp-json\/wp\/v2\/types\/post"}],"author":[{"embeddable":true,"href":"https:\/\/fasciainnovation.com\/sv\/wp-json\/wp\/v2\/users\/1"}],"replies":[{"embeddable":true,"href":"https:\/\/fasciainnovation.com\/sv\/wp-json\/wp\/v2\/comments?post=29639"}],"version-history":[{"count":0,"href":"https:\/\/fasciainnovation.com\/sv\/wp-json\/wp\/v2\/posts\/29639\/revisions"}],"wp:featuredmedia":[{"embeddable":true,"href":"https:\/\/fasciainnovation.com\/sv\/wp-json\/wp\/v2\/media\/29702"}],"wp:attachment":[{"href":"https:\/\/fasciainnovation.com\/sv\/wp-json\/wp\/v2\/media?parent=29639"}],"wp:term":[{"taxonomy":"category","embeddable":true,"href":"https:\/\/fasciainnovation.com\/sv\/wp-json\/wp\/v2\/categories?post=29639"},{"taxonomy":"post_tag","embeddable":true,"href":"https:\/\/fasciainnovation.com\/sv\/wp-json\/wp\/v2\/tags?post=29639"}],"curies":[{"name":"wp","href":"https:\/\/api.w.org\/{rel}","templated":true}]}}